{"id":1072,"date":"2018-02-15T11:36:15","date_gmt":"2018-02-15T11:36:15","guid":{"rendered":"http:\/\/www.musique-colombes.net\/en\/?p=1072"},"modified":"2018-02-15T11:36:59","modified_gmt":"2018-02-15T11:36:59","slug":"sylvie-nicephor","status":"publish","type":"post","link":"http:\/\/www.musique-colombes.net\/en\/sylvie-nicephor\/","title":{"rendered":"Sylvie Nic\u00e9phor"},"content":{"rendered":"<p><a href=\"http:\/\/www.musique-colombes.net\/en\/wp-content\/uploads\/sites\/2\/2018\/02\/DH000037-Copie.jpg\"><img decoding=\"async\" loading=\"lazy\" class=\"size-full wp-image-1073 alignleft\" src=\"http:\/\/www.musique-colombes.net\/en\/wp-content\/uploads\/sites\/2\/2018\/02\/DH000037-Copie.jpg\" alt=\"\" width=\"234\" height=\"351\" \/><\/a>Sylvie Nicephor s\u2019est form\u00e9e enti\u00e8rement \u00e0 Paris en piano aupr\u00e8s du pianiste argentin Wilfredo Voguet, disciple de Vicente Scaramuzza \u00e0 Buenos Aires. Il lui a transmis un jeu fond\u00e9 sur la ma\u00eetrise des sonorit\u00e9s, la m\u00e9moire physiologique, la d\u00e9tente corporelle, ainsi qu\u2019une m\u00e9thodologie rigoureuse quant \u00e0 l\u2019approche, l\u2019\u00e9volution et l\u2019appropriation d\u2019un r\u00e9pertoire. Depuis une vingtaine d\u2019ann\u00e9es, Sylvie Nicephor joue en soliste en r\u00e9gion parisienne, en Italie, en Allemagne, en Finlande, en Gr\u00e8ce, en Hongrie o\u00f9 elle est l\u2019invit\u00e9e r\u00e9guli\u00e8re de festivals internationaux. Elle joue aussi avec chanteurs dans le r\u00e9pertoire de m\u00e9lodies et de lieder et a particip\u00e9 \u00e0 des projets th\u00e9\u00e2traux.<\/p>\n<p>Sylvie Nicephor est aussi une artiste pluridisciplinaire.<\/p>\n<p>Elle a effectu\u00e9 ses \u00e9tudes musicales sup\u00e9rieures au CNSMP o\u00f9 elle a obtenu quatre premiers prix d\u2019\u00e9criture et d\u2019orchestration, ainsi qu\u2019\u00e0 l\u2019Universit\u00e9 Paris-Sorbonne o\u00f9 elle a obtenu un doctorat de musicologie et une maitrise de danse. Sp\u00e9cialiste de la musique fran\u00e7aise, elle a publi\u00e9 en France, en Allemagne, en Serbie, donn\u00e9 des conf\u00e9rences musicologiques.<\/p>\n<p>Elle a \u00e9galement \u00e9tudi\u00e9 le chant, s\u2019est perfectionn\u00e9e dans ce domaine avec Jeanine Reiss et a donn\u00e9 de nombreux concerts en tant que soprano en France, en Italie, en Allemagne, en Hongrie et en Serbie.<\/p>\n<p>Cette polyvalence lui permet d\u2019effectuer des liens entre les diff\u00e9rents domaines et de lier recherche et interpr\u00e9tation. Elle a aussi ouvert \u00e0 une activit\u00e9\u00a0 \u00e9largie d\u2019enseignante,\u00a0\u00a0 exerc\u00e9e dans les conservatoires en tant que professeur hors classe et dans le cadre universitaire.<\/p>\n<p><strong>PEDAGOGIE<\/strong><\/p>\n<p>Sylvie Nicephor propose plusieurs axes de travail\u00a0\u00e0 partir d\u2019un r\u00e9pertoire choisi :<\/p>\n<ol>\n<li>Travail technique\u00a0: production du son, jeu par pression, d\u00e9tente, le geste et l\u2019\u00e9criture, l\u2019utilisation des p\u00e9dales.<\/li>\n<li>Travail m\u00e9thodologique\u00a0: comment aborder une oeuvre, construire un travail \u00ab\u00a0durable\u00a0\u00bb fond\u00e9 sur la m\u00e9moire physiologique, solutionner les difficult\u00e9s techniques.<\/li>\n<li>Travail d\u2019interpr\u00e9tation fond\u00e9 sur la connaissance approfondie de la partition, du style du compositeur.<\/li>\n<li>Plus sp\u00e9cifiquement, pour ceux qui le d\u00e9sirent, travail sur les pr\u00e9ludes de Debussy.<\/li>\n<\/ol>\n","protected":false},"excerpt":{"rendered":"<p>Sylvie Nicephor s\u2019est form\u00e9e enti\u00e8rement \u00e0 Paris en piano aupr\u00e8s du pianiste argentin Wilfredo Voguet, disciple de Vicente Scaramuzza \u00e0 Buenos Aires. Il lui a transmis un jeu fond\u00e9 sur la ma\u00eetrise des sonorit\u00e9s, la m\u00e9moire physiologique, la d\u00e9tente corporelle, ainsi qu\u2019une m\u00e9thodologie rigoureuse quant \u00e0 l\u2019approche, l\u2019\u00e9volution et l\u2019appropriation d\u2019un r\u00e9pertoire. Depuis une vingtaine [&hellip;]<\/p>\n","protected":false},"author":1,"featured_media":1073,"comment_status":"closed","ping_status":"open","sticky":false,"template":"","format":"standard","meta":[],"categories":[4],"tags":[],"_links":{"self":[{"href":"http:\/\/www.musique-colombes.net\/en\/wp-json\/wp\/v2\/posts\/1072"}],"collection":[{"href":"http:\/\/www.musique-colombes.net\/en\/wp-json\/wp\/v2\/posts"}],"about":[{"href":"http:\/\/www.musique-colombes.net\/en\/wp-json\/wp\/v2\/types\/post"}],"author":[{"embeddable":true,"href":"http:\/\/www.musique-colombes.net\/en\/wp-json\/wp\/v2\/users\/1"}],"replies":[{"embeddable":true,"href":"http:\/\/www.musique-colombes.net\/en\/wp-json\/wp\/v2\/comments?post=1072"}],"version-history":[{"count":1,"href":"http:\/\/www.musique-colombes.net\/en\/wp-json\/wp\/v2\/posts\/1072\/revisions"}],"predecessor-version":[{"id":1074,"href":"http:\/\/www.musique-colombes.net\/en\/wp-json\/wp\/v2\/posts\/1072\/revisions\/1074"}],"wp:featuredmedia":[{"embeddable":true,"href":"http:\/\/www.musique-colombes.net\/en\/wp-json\/wp\/v2\/media\/1073"}],"wp:attachment":[{"href":"http:\/\/www.musique-colombes.net\/en\/wp-json\/wp\/v2\/media?parent=1072"}],"wp:term":[{"taxonomy":"category","embeddable":true,"href":"http:\/\/www.musique-colombes.net\/en\/wp-json\/wp\/v2\/categories?post=1072"},{"taxonomy":"post_tag","embeddable":true,"href":"http:\/\/www.musique-colombes.net\/en\/wp-json\/wp\/v2\/tags?post=1072"}],"curies":[{"name":"wp","href":"https:\/\/api.w.org\/{rel}","templated":true}]}}