{"id":1102,"date":"2018-02-15T13:57:05","date_gmt":"2018-02-15T13:57:05","guid":{"rendered":"http:\/\/www.musique-colombes.net\/en\/?p=1102"},"modified":"2018-03-24T11:50:04","modified_gmt":"2018-03-24T11:50:04","slug":"raphael-moraly","status":"publish","type":"post","link":"http:\/\/www.musique-colombes.net\/en\/raphael-moraly\/","title":{"rendered":"Rapha\u00ebl Moraly"},"content":{"rendered":"<p>Rapha\u00ebl Moraly se forme au violoncelle d\u00e8s son plus jeune \u00e2ge au CRR de Cergy-Pontoise dans la classe de Fran\u00e7ois Poly et au CRR de Rueil-Malmaison dans les classes de Jean-Marie Gamard puis de Marie-Paule Milone. Il poursuit ses \u00e9tudes sup\u00e9rieures en Allemagne successivement \u00e0 la \u00abHochschule f\u00fcr Musik\u00bb de Freiburg dans les classes de Prof.<br \/>\nAdriana Contino et de Prof. Daniel Grosgurin, et \u00e0 la HFMDK de Stuttgart o\u00f9 il obtient son Bachelor, puis termine sa formation sup\u00e9rieure \u00e0 la \u00abHochschule f\u00fcr Musik Hanns Eisler \u00bb de Berlin dans la classe de Prof. Claudio Bohorquez o\u00f9 il obtient en 2017 son Master de Violoncelle.<br \/>\nLors de ce parcours de formation, il se perfectionne \u00e9galement aupr\u00e8s du Quatuor Artemis, du Quatuor Alban Berg, de Peter Bruns, Eberhard Feltz, Jens-Peter Mainz, H\u00e9l\u00e8ne Dautry, Philippe Muller, Jer\u00f4me Pernoo.<br \/>\nEn 2015 il remporte le Premier Prix du Concours International de Musique Don Vicenzo Vitti en Italie, et, en Allemagne, le Premier prix du Concours Carl Wendling de Musique de Chambre 2016 au sein du Quatuor Elouan.<\/p>\n<p>Depuis 2015 il entame une carri\u00e8re de jeune soliste et concertiste. Il se produit \u00e0 ce titre avec le Loh-Orchester Sondershausen sous la direction de Markus L. Frank, ainsi qu&#8217;\u00e0 la K\u00fcnstlerhaus de Munich sous la direction de Annunziata De Paola. En octobre 2017 il joue le concerto pour violoncelle d&#8217;Elgar dans la grande salle du Liederhalle de Stuttgart sous la direction de Christoph Wagner.<br \/>\nParall\u00e8lement, au sein du quatuor Elouan qu&#8217;il fonde, il se produit au Gammertinger Schlossfestspielen, \u00e0 l&#8217;Acad\u00e9mie Schloss Solitude, \u00e0 la maison Heinrich Heine de Paris, ou au Th\u00e9atre 95 de Cergy-Pontoise.<br \/>\nEn tant que musicien d&#8217;orchestre, il joue avec la Junge Deutsche Philharmonie et int\u00e8gre en 2015 la \u00abCarl Orff Akademie\u00bb de l&#8217;Orchestre de la Radio de Munich.<br \/>\nRapha\u00ebl enseigne le violoncelle au Conservatoire \u00e0 Rayonnement D\u00e9partemental de Boulogne sur mer.<br \/>\nIl joue sur un violoncelle anonyme du 18\u00e8me si\u00e8cle r\u00e9cemment restaur\u00e9.<\/p>\n","protected":false},"excerpt":{"rendered":"<p>Rapha\u00ebl Moraly se forme au violoncelle d\u00e8s son plus jeune \u00e2ge au CRR de Cergy-Pontoise dans la classe de Fran\u00e7ois Poly et au CRR de Rueil-Malmaison dans les classes de Jean-Marie Gamard puis de Marie-Paule Milone. Il poursuit ses \u00e9tudes sup\u00e9rieures en Allemagne successivement \u00e0 la \u00abHochschule f\u00fcr Musik\u00bb de Freiburg dans les classes de [&hellip;]<\/p>\n","protected":false},"author":1,"featured_media":1103,"comment_status":"closed","ping_status":"open","sticky":false,"template":"","format":"standard","meta":[],"categories":[4],"tags":[],"_links":{"self":[{"href":"http:\/\/www.musique-colombes.net\/en\/wp-json\/wp\/v2\/posts\/1102"}],"collection":[{"href":"http:\/\/www.musique-colombes.net\/en\/wp-json\/wp\/v2\/posts"}],"about":[{"href":"http:\/\/www.musique-colombes.net\/en\/wp-json\/wp\/v2\/types\/post"}],"author":[{"embeddable":true,"href":"http:\/\/www.musique-colombes.net\/en\/wp-json\/wp\/v2\/users\/1"}],"replies":[{"embeddable":true,"href":"http:\/\/www.musique-colombes.net\/en\/wp-json\/wp\/v2\/comments?post=1102"}],"version-history":[{"count":2,"href":"http:\/\/www.musique-colombes.net\/en\/wp-json\/wp\/v2\/posts\/1102\/revisions"}],"predecessor-version":[{"id":1129,"href":"http:\/\/www.musique-colombes.net\/en\/wp-json\/wp\/v2\/posts\/1102\/revisions\/1129"}],"wp:featuredmedia":[{"embeddable":true,"href":"http:\/\/www.musique-colombes.net\/en\/wp-json\/wp\/v2\/media\/1103"}],"wp:attachment":[{"href":"http:\/\/www.musique-colombes.net\/en\/wp-json\/wp\/v2\/media?parent=1102"}],"wp:term":[{"taxonomy":"category","embeddable":true,"href":"http:\/\/www.musique-colombes.net\/en\/wp-json\/wp\/v2\/categories?post=1102"},{"taxonomy":"post_tag","embeddable":true,"href":"http:\/\/www.musique-colombes.net\/en\/wp-json\/wp\/v2\/tags?post=1102"}],"curies":[{"name":"wp","href":"https:\/\/api.w.org\/{rel}","templated":true}]}}