{"id":111,"date":"2015-02-08T18:30:45","date_gmt":"2015-02-08T18:30:45","guid":{"rendered":"http:\/\/www.musique-colombes.net\/en\/?p=111"},"modified":"2018-03-24T11:55:01","modified_gmt":"2018-03-24T11:55:01","slug":"sylvie-sulle","status":"publish","type":"post","link":"http:\/\/www.musique-colombes.net\/en\/sylvie-sulle\/","title":{"rendered":"Sylvie Sull\u00e9"},"content":{"rendered":"<p>&nbsp;<\/p>\n<p>Mezzo-Contralto<\/p>\n<p>Sylvie SULL\u00c9 regulary has performed on the most famous French Lyrical stages such as the Ch\u00e2telet Th\u00e9\u00e2tre, the Op\u00e9ra Comique, the National Opera House of Paris-Bastille, the Champs-Elys\u00e9es Th\u00e9\u00e2tre and the the Pleyel Hall.<br \/>\nSylvie Sull\u00e9 studied in France, at the Conservatoire National Sup\u00e9rieur de Musique of Paris with Christiane Eda Pierre, Michel Roux, and Maurice Bourgue, in the classes of whom she was awarded with Prizes of Singing, Lyrical Art and Chamber Music. Her operatic repertoire ranges from Montervedi and Peri to Richard Strauss, as well as composers as various as Mozart or Rossini, Offenbach or Verdi, Honegger or Maderna (Satyrikon).<br \/>\nMs Sull\u00e9&#8217;s recital and oratorio repertoire includes Verdi&#8217;s Requiem, Haydn&#8217;s Paukenmesse, Mendelssohn&#8217;s Midsummer&#8217;s night dream, Rossini&#8217;s Moses, Honegger&#8217;s Le Roi David and La Danse des Morts, as well as works of Stravinsky, Tippett, Berio, Boulez, Aperghis, Simon Holt, and Vinko Globokar. Except its engagements as regards great traditional and romantic repertory, she was often requested for Musical Creation because of its privileged aptitudes.<br \/>\nOften we could hear her performances on Radio France where she sang with such conductors as Charles Dutoit, Jean-Claude Casadesus, Alberto Zedda, Gary Bertini, Armin Jordan, Marek Janowski, Lawrence Foster, Richard Hickox, G\u00fcnther Herbig, Paul Daniel, Friedman Layer, Pinchas Steinberg, Arturo Tamayo, G\u00e9rard Korsten, and G\u00e9rard Schwarz&#8230;<br \/>\nSylvie Sull\u00e9 is President of the UPMCF ( Union of the Masters of the French Song) for promoting young opera singers and Titular Professor to Conservatory \u201cGeorges Bizet\u201d and to Conservatory \u00ab Camille Saint-Sa\u00ebns \u00bbof Paris. Her discography includes the the first international recording of Maurice OHANA`s works which received the prestigious &#8220;CHOC&#8221; mention from &#8220;LE MONDE DE LA MUSIQUE.<\/p>\n","protected":false},"excerpt":{"rendered":"<p>&nbsp; Mezzo-Contralto Sylvie SULL\u00c9 regulary has performed on the most famous French Lyrical stages such as the Ch\u00e2telet Th\u00e9\u00e2tre, the Op\u00e9ra Comique, the National Opera House of Paris-Bastille, the Champs-Elys\u00e9es Th\u00e9\u00e2tre and the the Pleyel Hall. Sylvie Sull\u00e9 studied in France, at the Conservatoire National Sup\u00e9rieur de Musique of Paris with Christiane Eda Pierre, Michel [&hellip;]<\/p>\n","protected":false},"author":1,"featured_media":0,"comment_status":"closed","ping_status":"closed","sticky":false,"template":"","format":"standard","meta":[],"categories":[4],"tags":[6,5,13,12],"_links":{"self":[{"href":"http:\/\/www.musique-colombes.net\/en\/wp-json\/wp\/v2\/posts\/111"}],"collection":[{"href":"http:\/\/www.musique-colombes.net\/en\/wp-json\/wp\/v2\/posts"}],"about":[{"href":"http:\/\/www.musique-colombes.net\/en\/wp-json\/wp\/v2\/types\/post"}],"author":[{"embeddable":true,"href":"http:\/\/www.musique-colombes.net\/en\/wp-json\/wp\/v2\/users\/1"}],"replies":[{"embeddable":true,"href":"http:\/\/www.musique-colombes.net\/en\/wp-json\/wp\/v2\/comments?post=111"}],"version-history":[{"count":3,"href":"http:\/\/www.musique-colombes.net\/en\/wp-json\/wp\/v2\/posts\/111\/revisions"}],"predecessor-version":[{"id":1133,"href":"http:\/\/www.musique-colombes.net\/en\/wp-json\/wp\/v2\/posts\/111\/revisions\/1133"}],"wp:attachment":[{"href":"http:\/\/www.musique-colombes.net\/en\/wp-json\/wp\/v2\/media?parent=111"}],"wp:term":[{"taxonomy":"category","embeddable":true,"href":"http:\/\/www.musique-colombes.net\/en\/wp-json\/wp\/v2\/categories?post=111"},{"taxonomy":"post_tag","embeddable":true,"href":"http:\/\/www.musique-colombes.net\/en\/wp-json\/wp\/v2\/tags?post=111"}],"curies":[{"name":"wp","href":"https:\/\/api.w.org\/{rel}","templated":true}]}}