{"id":258,"date":"2015-02-12T14:46:57","date_gmt":"2015-02-12T14:46:57","guid":{"rendered":"http:\/\/www.musique-colombes.net\/en\/?p=258"},"modified":"2018-03-24T11:57:20","modified_gmt":"2018-03-24T11:57:20","slug":"olivier-dauriat","status":"publish","type":"post","link":"http:\/\/www.musique-colombes.net\/en\/olivier-dauriat\/","title":{"rendered":"Olivier Dauriat"},"content":{"rendered":"<p>&nbsp;<\/p>\n<p>Apr\u00e8s un prix d&#8217;honneur en clarinette au conservatoire de Versailles et un premier prix de piano au conservatoire de Boulogne-Billancourt, Olivier Dauriat obtient plusieurs premiers prix au Conservatoire national sup\u00e9rieur de Paris en \u00e9criture, analyse et accompagnement vocal ; il a men\u00e9 depuis une recherche pianistique approfondie sous la direction<br \/>\nde Colette Zerah.<\/p>\n<p>Cette formation tr\u00e8s compl\u00e8te lui permet aujourd&#8217;hui d&#8217;exercer son activit\u00e9 artistique sous diverses approches : en musique de chambre vocale et instrumentale (avec la soprano Isabelle Philippe, la mezzo Vera Nikolova, le contret\u00e9nor Duy-Th\u00f4ng Nguyen, le clarinettiste Dominique Vidal&#8230;), en piano solo, \u00e0 quatre mains (avec Anne Rancurel) ou \u00e0 deux pianos (avec Olivier Besnard), en accompagnement et concerts avec ch\u0153ur (Variatio, Nicolas de Grigny&#8230;), mais aussi comme arrangeur et compositeur, notamment pour l&#8217;association Emuna.<\/p>\n<p>En tant qu&#8217;enseignant, Olivier Dauriat s&#8217;est partag\u00e9 ces derni\u00e8res ann\u00e9es entre le Conservatoire national sup\u00e9rieur de Paris -enseignement et responsabilit\u00e9 du d\u00e9partement \u00ab \u00c9criture, composition et direction d&#8217;orchestre \u00bb- et le Conservatoire \u00e0 rayonnement d\u00e9partemental du Val-Maubu\u00e9e, o\u00f9 il a fond\u00e9 la classe d&#8217;accompagnement au piano.<br \/>\nAvec la mezzo-soprano Vera Nikolova, Olivier Dauriat intervient r\u00e9guli\u00e8rement depuis 2007 comme pianiste et chef de chant \u00e0 l&#8217;Acad\u00e9mie nationale de musique de Sofia, lors de master-classes o\u00f9 les \u00e9tudiants chanteurs b\u00e9n\u00e9ficient de leurs conseils quant \u00e0 l&#8217;interpr\u00e9tation du r\u00e9pertoire lyrique fran\u00e7ais.<\/p>\n<p>On a pu l&#8217;entendre r\u00e9cemment lors du \u00ab Week-end piano\u00bb au palais de B\u00e9hague (ambassade de Roumanie \u00e0 Paris), aux Concerts de Vollore, au Festival en Vall\u00e9e d&#8217;Olt&#8230;<\/p>\n","protected":false},"excerpt":{"rendered":"<p>&nbsp; Apr\u00e8s un prix d&#8217;honneur en clarinette au conservatoire de Versailles et un premier prix de piano au conservatoire de Boulogne-Billancourt, Olivier Dauriat obtient plusieurs premiers prix au Conservatoire national sup\u00e9rieur de Paris en \u00e9criture, analyse et accompagnement vocal ; il a men\u00e9 depuis une recherche pianistique approfondie sous la direction de Colette Zerah. Cette [&hellip;]<\/p>\n","protected":false},"author":1,"featured_media":0,"comment_status":"closed","ping_status":"closed","sticky":false,"template":"","format":"standard","meta":[],"categories":[4],"tags":[6,5,13,14],"_links":{"self":[{"href":"http:\/\/www.musique-colombes.net\/en\/wp-json\/wp\/v2\/posts\/258"}],"collection":[{"href":"http:\/\/www.musique-colombes.net\/en\/wp-json\/wp\/v2\/posts"}],"about":[{"href":"http:\/\/www.musique-colombes.net\/en\/wp-json\/wp\/v2\/types\/post"}],"author":[{"embeddable":true,"href":"http:\/\/www.musique-colombes.net\/en\/wp-json\/wp\/v2\/users\/1"}],"replies":[{"embeddable":true,"href":"http:\/\/www.musique-colombes.net\/en\/wp-json\/wp\/v2\/comments?post=258"}],"version-history":[{"count":3,"href":"http:\/\/www.musique-colombes.net\/en\/wp-json\/wp\/v2\/posts\/258\/revisions"}],"predecessor-version":[{"id":1136,"href":"http:\/\/www.musique-colombes.net\/en\/wp-json\/wp\/v2\/posts\/258\/revisions\/1136"}],"wp:attachment":[{"href":"http:\/\/www.musique-colombes.net\/en\/wp-json\/wp\/v2\/media?parent=258"}],"wp:term":[{"taxonomy":"category","embeddable":true,"href":"http:\/\/www.musique-colombes.net\/en\/wp-json\/wp\/v2\/categories?post=258"},{"taxonomy":"post_tag","embeddable":true,"href":"http:\/\/www.musique-colombes.net\/en\/wp-json\/wp\/v2\/tags?post=258"}],"curies":[{"name":"wp","href":"https:\/\/api.w.org\/{rel}","templated":true}]}}