{"id":532,"date":"2016-01-19T16:27:11","date_gmt":"2016-01-19T16:27:11","guid":{"rendered":"http:\/\/www.musique-colombes.net\/en\/?p=532"},"modified":"2016-01-19T16:27:11","modified_gmt":"2016-01-19T16:27:11","slug":"renaud-bary","status":"publish","type":"post","link":"http:\/\/www.musique-colombes.net\/en\/renaud-bary\/","title":{"rendered":"Renaud Bary"},"content":{"rendered":"<p><img decoding=\"async\" loading=\"lazy\" class=\"alignnone size-full wp-image-533\" src=\"http:\/\/www.musique-colombes.net\/en\/wp-content\/uploads\/sites\/2\/2016\/01\/barry_renaud.jpg\" alt=\"barry_renaud\" width=\"503\" height=\"503\" srcset=\"http:\/\/www.musique-colombes.net\/en\/wp-content\/uploads\/sites\/2\/2016\/01\/barry_renaud.jpg 503w, http:\/\/www.musique-colombes.net\/en\/wp-content\/uploads\/sites\/2\/2016\/01\/barry_renaud-150x150.jpg 150w\" sizes=\"(max-width: 503px) 100vw, 503px\" \/><\/p>\n<p>&#8220;Douce le matin, rythm\u00e9e au d\u00e9jeuner et techno dans la soir\u00e9e&#8221;<br \/>\nUne phrase \u00e0 l&#8217;image de ce jeune contrebassiste, passionn\u00e9 de musique, encha\u00eenant r\u00e9p\u00e9titions avec l\u2019Op\u00e9ra National de Paris, concerts de Tango Argentin et soir\u00e9es en bo\u00eete de nuit.<br \/>\nC\u2019est en 2008 qu\u2019il commence la contrebasse apr\u00e8s avoir entendu un concert de la Garde R\u00e9publicaine, marqu\u00e9 par le son de cet instrument.<br \/>\nRapidement il rentre au CNSM de Paris dans la classe de Thierry Barb\u00e9, et aura l\u2019occasion de collaborer, entre autres, avec l\u2019Orchestre de Radio France et l\u2019Intercontemporain. En troisi\u00e8me ann\u00e9e il devient soliste de l\u2019Orchestre Lamoureux, et l\u2019ann\u00e9e suivante il int\u00e8gre la prestigieuse acad\u00e9mie de l\u2019Op\u00e9ra National de Paris. Apr\u00e8s avoir obtenu son Master, il devient soliste de l\u2019OLC puis r\u00e9ussi le concours de la Garde R\u00e9publicaine.<br \/>\nRenaud se produit \u00e9galement dans des concerts de musiques du monde, accompagnant les plus grands noms du Tango comme Gustavo Beytelmann ou encore Max Bonnay.<br \/>\nEnfin, si vous aimez danser au rythme des sons \u00e9lectroniques, vous pourrez le retrouver derri\u00e8re les platines des soir\u00e9es parisiennes.<\/p>\n","protected":false},"excerpt":{"rendered":"<p>&#8220;Douce le matin, rythm\u00e9e au d\u00e9jeuner et techno dans la soir\u00e9e&#8221; Une phrase \u00e0 l&#8217;image de ce jeune contrebassiste, passionn\u00e9 de musique, encha\u00eenant r\u00e9p\u00e9titions avec l\u2019Op\u00e9ra National de Paris, concerts de Tango Argentin et soir\u00e9es en bo\u00eete de nuit. C\u2019est en 2008 qu\u2019il commence la contrebasse apr\u00e8s avoir entendu un concert de la Garde R\u00e9publicaine, [&hellip;]<\/p>\n","protected":false},"author":1,"featured_media":0,"comment_status":"closed","ping_status":"open","sticky":false,"template":"","format":"standard","meta":[],"categories":[1],"tags":[],"_links":{"self":[{"href":"http:\/\/www.musique-colombes.net\/en\/wp-json\/wp\/v2\/posts\/532"}],"collection":[{"href":"http:\/\/www.musique-colombes.net\/en\/wp-json\/wp\/v2\/posts"}],"about":[{"href":"http:\/\/www.musique-colombes.net\/en\/wp-json\/wp\/v2\/types\/post"}],"author":[{"embeddable":true,"href":"http:\/\/www.musique-colombes.net\/en\/wp-json\/wp\/v2\/users\/1"}],"replies":[{"embeddable":true,"href":"http:\/\/www.musique-colombes.net\/en\/wp-json\/wp\/v2\/comments?post=532"}],"version-history":[{"count":1,"href":"http:\/\/www.musique-colombes.net\/en\/wp-json\/wp\/v2\/posts\/532\/revisions"}],"predecessor-version":[{"id":534,"href":"http:\/\/www.musique-colombes.net\/en\/wp-json\/wp\/v2\/posts\/532\/revisions\/534"}],"wp:attachment":[{"href":"http:\/\/www.musique-colombes.net\/en\/wp-json\/wp\/v2\/media?parent=532"}],"wp:term":[{"taxonomy":"category","embeddable":true,"href":"http:\/\/www.musique-colombes.net\/en\/wp-json\/wp\/v2\/categories?post=532"},{"taxonomy":"post_tag","embeddable":true,"href":"http:\/\/www.musique-colombes.net\/en\/wp-json\/wp\/v2\/tags?post=532"}],"curies":[{"name":"wp","href":"https:\/\/api.w.org\/{rel}","templated":true}]}}