{"id":1243,"date":"2020-01-31T14:08:28","date_gmt":"2020-01-31T14:08:28","guid":{"rendered":"http:\/\/www.musique-colombes.net\/en\/?p=1243"},"modified":"2020-01-31T14:08:28","modified_gmt":"2020-01-31T14:08:28","slug":"lucia-di-carlo","status":"publish","type":"post","link":"https:\/\/www.musique-colombes.net\/en\/lucia-di-carlo\/","title":{"rendered":"Lucia di Carlo"},"content":{"rendered":"<p><span style=\"color: #4b4f56;\"><span style=\"font-family: Arial, serif;\"><span style=\"font-size: medium;\"><i><b>Artiste Lyrique Contralto-Chanteuse-Com\u00e9dienne-Vocal Coach<\/b><\/i><\/span><\/span><\/span><span style=\"color: #4b4f56;\"><span style=\"font-family: Arial, serif;\"><span style=\"font-size: medium;\"><\/p>\n<p>Chanteuse de Jazz, elle devient \u00e9l\u00e8ve tant de l\u2019\u00e9cole italienne de Bel canto,(Nicola Martinucci et Fran\u00e7oise Ogeas Conservatoire de Milan),<br \/>\net de l\u2019\u00e9cole pluridisciplinaire anglo-saxonne Opera , Musicals and acting in English (No\u00eblle Barker , Guildhall School de Londres), elle se perfectionne \u00e0 Paris (Rafael Ruiz, Christian Jean , Martine Suray et Jocelyne Taillon (r\u00f4les de contralto) et Mihaela Mingheras)<br \/>\nElle se produit en Europe et dans le Monde entier dans un r\u00e9pertoire d\u2019Op\u00e9ra et d\u2019Oratorio ainsi qu\u2019en r\u00e9cital de m\u00e9lodies avec le Duo Chiara Luce avec Brigitte Clair pianiste, elle se forme aux musiques du monde , musiques br\u00e9siliennes avec Maestro Toninho Ramos , guitariste, compositeur et au chant Tango aupr\u00e8s de Maestro Juan Carlos Carrasco H , pianiste compositeur et se produit en concert avec les deux Maestros. Elle se perfectionne en chant tango et interpr\u00e9tation aupr\u00e8s d\u2019Oscar Sisto en vue de pr\u00e9parer le spectacle \u201cLady Tango\u201d \u00e9crit , mis en musique et en sc\u00e8ne par lui m\u00eame<br \/>\n<\/span><\/span><\/span><\/p>\n<p><span style=\"color: #4b4f56;\"><span style=\"font-family: Arial, serif;\"><span style=\"font-size: medium;\"><i>Orthophoniste sp\u00e9cialis\u00e9e phoniatrie, neuropsychologie, neurosciences et anatomophysiologie, dipl\u00f4m\u00e9e de Facult\u00e9 de M\u00e9decine de Paris -Piti\u00e9 Salp\u00eatri\u00e8re, Coach sportive dipl\u00f4m\u00e9e d\u2019Etat et pr\u00e9paratrice mentale aux comp\u00e9titions, elle est cr\u00e9atrice d\u2019une m\u00e9thode de gymnastique chant\u00e9e \u00ab BodyVoiceFeelingTM \u00bb<br \/>\nFondatrice et directrice de l\u2019Acad\u00e9mie Lucia di Carlo, elle est directrice artistique d\u2019une Troupe lyrique professionnelle \u00ab La Voce dell\u2019 Alma \u00bb et de l\u2019ensemble vocal professionnel de musiques actuelles \u00ab La Voix \u00e0 suivre \u00bb<\/i><\/span><\/span><\/span><\/p>\n","protected":false},"excerpt":{"rendered":"<p>Artiste Lyrique Contralto-Chanteuse-Com\u00e9dienne-Vocal Coach Chanteuse de Jazz, elle devient \u00e9l\u00e8ve tant de l\u2019\u00e9cole italienne de Bel canto,(Nicola Martinucci et Fran\u00e7oise Ogeas Conservatoire de Milan), et de l\u2019\u00e9cole pluridisciplinaire anglo-saxonne Opera , Musicals and acting in English (No\u00eblle Barker , Guildhall School de Londres), elle se perfectionne \u00e0 Paris (Rafael Ruiz, Christian Jean , Martine Suray [&hellip;]<\/p>\n","protected":false},"author":1,"featured_media":0,"comment_status":"closed","ping_status":"open","sticky":false,"template":"","format":"standard","meta":[],"categories":[1],"tags":[],"_links":{"self":[{"href":"https:\/\/www.musique-colombes.net\/en\/wp-json\/wp\/v2\/posts\/1243"}],"collection":[{"href":"https:\/\/www.musique-colombes.net\/en\/wp-json\/wp\/v2\/posts"}],"about":[{"href":"https:\/\/www.musique-colombes.net\/en\/wp-json\/wp\/v2\/types\/post"}],"author":[{"embeddable":true,"href":"https:\/\/www.musique-colombes.net\/en\/wp-json\/wp\/v2\/users\/1"}],"replies":[{"embeddable":true,"href":"https:\/\/www.musique-colombes.net\/en\/wp-json\/wp\/v2\/comments?post=1243"}],"version-history":[{"count":1,"href":"https:\/\/www.musique-colombes.net\/en\/wp-json\/wp\/v2\/posts\/1243\/revisions"}],"predecessor-version":[{"id":1244,"href":"https:\/\/www.musique-colombes.net\/en\/wp-json\/wp\/v2\/posts\/1243\/revisions\/1244"}],"wp:attachment":[{"href":"https:\/\/www.musique-colombes.net\/en\/wp-json\/wp\/v2\/media?parent=1243"}],"wp:term":[{"taxonomy":"category","embeddable":true,"href":"https:\/\/www.musique-colombes.net\/en\/wp-json\/wp\/v2\/categories?post=1243"},{"taxonomy":"post_tag","embeddable":true,"href":"https:\/\/www.musique-colombes.net\/en\/wp-json\/wp\/v2\/tags?post=1243"}],"curies":[{"name":"wp","href":"https:\/\/api.w.org\/{rel}","templated":true}]}}