{"id":1522,"date":"2021-01-09T14:47:29","date_gmt":"2021-01-09T14:47:29","guid":{"rendered":"http:\/\/www.musique-colombes.net\/en\/?p=1522"},"modified":"2021-01-09T14:55:16","modified_gmt":"2021-01-09T14:55:16","slug":"laurent-ronzon","status":"publish","type":"post","link":"https:\/\/www.musique-colombes.net\/en\/laurent-ronzon\/","title":{"rendered":"Laurent Ronzon"},"content":{"rendered":"<p align=\"CENTER\"><b>Laurent Ronzon<\/b><\/p>\n<p align=\"JUSTIFY\"><span style=\"font-size: small;\">C\u2019est aupr\u00e8s des grands p\u00e9dagogues de la Direction d\u2019Orchestre comme Ernst Schelle, Nicolas Brochot, Jean-S\u00e9bastien B\u00e9reau, Sergiu C\u00e9libidache et Pierre Boulez que Laurent s\u2019est forg\u00e9 un m\u00e9tier de Chef d\u2019Orchestre. Intervenant aujourd\u2019hui, apr\u00e8s son parcours au CNSM de Paris et son DEA mention TB d\u2019Arts et Lettres, dans les orchestres r\u00e9gionaux en France, conseiller technique dans les UDESMA pour les pratiques de musique d\u2019ensemble, Laurent a \u00e9t\u00e9 successivement Directeur musical de l\u2019Ensemble Saint-Sa\u00ebns (1997-2008), Directeur adjoint la Ma\u00eetrise de la Cath\u00e9drale d\u2019Amiens et directeur des tourn\u00e9es (Octobre 2000 \u00e0 ao\u00fbt 2004) et assistant de Roger Epple au Philharmonique de Radio France (Ann\u00e9e 2005). Il a \u00e9t\u00e9 nomm\u00e9 par l\u2019ASSECARM \u2013 EPCC Spectacle Vivants en Picardie en 2006 directeur musical de la FDCO puis directeur du Conservatoire de Roanne (d\u00e9partement 42) en 2012, avant d\u2019\u00eatre nomm\u00e9 \u00e0 la t\u00eate du Conservatoire de Saint-Malo en 2016.<\/span><\/p>\n<p align=\"JUSTIFY\"><span style=\"font-size: small;\">Apr\u00e8s l\u2019obtention du CA de professeur charg\u00e9 de la direction dans les \u00e9coles de musique agr\u00e9e par l\u2019Etat et les concours de directeur d\u2019\u00e9tablissement, Laurent est successivement : Coordination p\u00e9dagogique de l\u2019Ucem 95 (1996 \u2013 1998), Producteur de l\u2019\u00e9mission \u00ab\u00a0Pr\u00e9ludes\u00a0\u00bb sur la cha\u00eene Mezzo (1999-2001), Directeur adjoint des stages de formation organis\u00e9s par la F\u00e9d\u00e9ration des Pueri Cantores (2001 &#8211; 2005), Coordinateur CNR pour l\u2019\u00e9cole d\u2019orchestre de M\u00e9ru (depuis 2003 &#8211; 2006), Coordinateur du D\u00e9partement d\u2019Erudition du CNR d\u2019Amiens (2003 \u2013 2008). Il met \u00e0 profit son exp\u00e9rience de chef d\u2019orchestre au service d\u2019\u00e9tudiants \u00e0 travers sa classe d\u2019Analyse et de Culture musicale au CNR d\u2019Amiens depuis 2003 \u00e0 2012 et du Th\u00e9atre de Roanne de 2012 \u00e0 2016.<\/span><\/p>\n<p align=\"JUSTIFY\"><span style=\"font-size: small;\">Explorant le monde des arts vivants, Laurent multiplie les exp\u00e9riences en mati\u00e8re de cr\u00e9ation de spectacles dans diff\u00e9rents domaines, qui n\u2019excluent ni le monde de la danse, ni celui du th\u00e9\u00e2tre et des marionnettes, comme sa cr\u00e9ation musicale du spectacle <\/span><span style=\"font-size: small;\"><i>Le Cabaret du Chat noir<\/i><\/span><span style=\"font-size: small;\"> pour la Compagnie Jean-Pierre Lescot, qu\u2019a diffus\u00e9 la cha\u00eene Arte (1997) ou l\u2019Op\u00e9rette <\/span><span style=\"font-size: small;\"><i>Orph\u00e9e aux Enfers<\/i><\/span><span style=\"font-size: small;\"> d\u2019Offenbach pour le Th\u00e9\u00e2tre de Roanne, en lien avec le Conservatoire de la ville. Laurent collabore aujourd\u2019hui avec \u00ab\u00a0Cordes M\u00eal\u00e9es\u00a0\u00bb. L\u2019orchestre qu\u2019il y dirige centre l\u2019essentiel de son travail autour du grand r\u00e9pertoire d\u2019\u0153uvres avec chorales et la cr\u00e9ation d\u2019\u0153uvres issue de la jeune g\u00e9n\u00e9ration de compositeurs. Il a aujourd\u2019hui la direction de l\u2019Orchestre Symphonique de Saint-Malo. <\/span><\/p>\n<p align=\"JUSTIFY\"><span style=\"font-size: small;\">Ayant \u00e9t\u00e9 produit par l\u2019agence \u00ab\u00a0Concerts Sveto\u00a0\u00bb de 2008 \u00e0 2012, le vaste r\u00e9pertoire de Laurent en font un chef r\u00e9guli\u00e8rement invit\u00e9 par les ch\u0153urs, aussi bien amateurs que professionnels, et les orchestres internationaux\u00a0: Orchestre du Colorado (USA), Orchestre de Bratislava (Slovaquie), Orchestre du Conservatoire Tchaikovsky \u00e0 Moscou, Orchestre de chambre fran\u00e7ais (Paris), Orchestre op 42 (France \u2013 Rh\u00f4ne Alpes), Orchestre de la Garde R\u00e9publicaine \u2026 <\/span><\/p>\n<p align=\"JUSTIFY\"><span style=\"font-size: small;\">Passionn\u00e9 par la musique fran\u00e7aise, Laurent effectue de multiples recherches essentiellement tourn\u00e9es sur la p\u00e9riode 1820 \u2013 1970. Invit\u00e9 \u00e0 travailler au sein de l\u2019Association Fran\u00e7aise pour le Patrimoine Musical, il participe aux colloques internationaux, dont derni\u00e8rement \u00e0 New Haven aux USA et aux \u00e9missions radiophoniques sur le sujet (France culture pour \u00ab\u00a0Euphonia\u00a0\u00bb et France Musique). Il publie ses r\u00e9flexions esth\u00e9tiques et artistiques dans les revues sp\u00e9cialis\u00e9es (15 articles \u00e0 ce jour). Il r\u00e9dige \u00e9galement dans diff\u00e9rents ouvrages collectifs. Ses deux derniers articles ont \u00e9t\u00e9 publi\u00e9s dans <\/span><span style=\"font-size: small;\"><i>D\u00e9couvrir Wagner<\/i><\/span><span style=\"font-size: small;\">, aux \u00e9ditions Ellipses, en f\u00e9vrier 2013\u00a0: <\/span><span style=\"font-size: small;\"><i>le langage wagn\u00e9rien dans l\u2019Histoire de la Musique <\/i><\/span><span style=\"font-size: small;\">et <\/span><span style=\"font-size: small;\"><i>Diriger Wagner<\/i><\/span><span style=\"font-size: small;\">, sous la direction d\u2019E. Brisson et de R. Palacios. <\/span><\/p>\n","protected":false},"excerpt":{"rendered":"<p>Laurent Ronzon C\u2019est aupr\u00e8s des grands p\u00e9dagogues de la Direction d\u2019Orchestre comme Ernst Schelle, Nicolas Brochot, Jean-S\u00e9bastien B\u00e9reau, Sergiu C\u00e9libidache et Pierre Boulez que Laurent s\u2019est forg\u00e9 un m\u00e9tier de Chef d\u2019Orchestre. Intervenant aujourd\u2019hui, apr\u00e8s son parcours au CNSM de Paris et son DEA mention TB d\u2019Arts et Lettres, dans les orchestres r\u00e9gionaux en France, [&hellip;]<\/p>\n","protected":false},"author":1,"featured_media":0,"comment_status":"closed","ping_status":"open","sticky":false,"template":"","format":"standard","meta":[],"categories":[1],"tags":[],"_links":{"self":[{"href":"https:\/\/www.musique-colombes.net\/en\/wp-json\/wp\/v2\/posts\/1522"}],"collection":[{"href":"https:\/\/www.musique-colombes.net\/en\/wp-json\/wp\/v2\/posts"}],"about":[{"href":"https:\/\/www.musique-colombes.net\/en\/wp-json\/wp\/v2\/types\/post"}],"author":[{"embeddable":true,"href":"https:\/\/www.musique-colombes.net\/en\/wp-json\/wp\/v2\/users\/1"}],"replies":[{"embeddable":true,"href":"https:\/\/www.musique-colombes.net\/en\/wp-json\/wp\/v2\/comments?post=1522"}],"version-history":[{"count":1,"href":"https:\/\/www.musique-colombes.net\/en\/wp-json\/wp\/v2\/posts\/1522\/revisions"}],"predecessor-version":[{"id":1523,"href":"https:\/\/www.musique-colombes.net\/en\/wp-json\/wp\/v2\/posts\/1522\/revisions\/1523"}],"wp:attachment":[{"href":"https:\/\/www.musique-colombes.net\/en\/wp-json\/wp\/v2\/media?parent=1522"}],"wp:term":[{"taxonomy":"category","embeddable":true,"href":"https:\/\/www.musique-colombes.net\/en\/wp-json\/wp\/v2\/categories?post=1522"},{"taxonomy":"post_tag","embeddable":true,"href":"https:\/\/www.musique-colombes.net\/en\/wp-json\/wp\/v2\/tags?post=1522"}],"curies":[{"name":"wp","href":"https:\/\/api.w.org\/{rel}","templated":true}]}}