{"id":1608,"date":"2021-01-14T14:36:34","date_gmt":"2021-01-14T14:36:34","guid":{"rendered":"http:\/\/www.musique-colombes.net\/en\/?p=1608"},"modified":"2022-11-01T15:31:29","modified_gmt":"2022-11-01T15:31:29","slug":"paolo-costanzo","status":"publish","type":"post","link":"https:\/\/www.musique-colombes.net\/en\/paolo-costanzo\/","title":{"rendered":"Paolo Costanzo"},"content":{"rendered":"<p><a href=\"http:\/\/www.musique-colombes.net\/en\/wp-content\/uploads\/sites\/2\/2021\/01\/127913494_732256700832549_6664180113712262601_n.jpg\"><img decoding=\"async\" loading=\"lazy\" class=\"alignnone size-full wp-image-1609\" src=\"http:\/\/www.musique-colombes.net\/en\/wp-content\/uploads\/sites\/2\/2021\/01\/127913494_732256700832549_6664180113712262601_n.jpg\" alt=\"\" width=\"600\" height=\"399\" srcset=\"https:\/\/www.musique-colombes.net\/en\/wp-content\/uploads\/sites\/2\/2021\/01\/127913494_732256700832549_6664180113712262601_n.jpg 600w, https:\/\/www.musique-colombes.net\/en\/wp-content\/uploads\/sites\/2\/2021\/01\/127913494_732256700832549_6664180113712262601_n-330x220.jpg 330w\" sizes=\"(max-width: 600px) 100vw, 600px\" \/><\/a><\/p>\n<p>&nbsp;<\/p>\n<p>Apr\u00e8s ses \u00e9tudes en piano au Conservatoire S. Cecilia de Rome, o\u00f9 il a l\u2019occasion entre autres de travailler avec Aldo Ciccolini, il se perfectionne avec la pianiste Mirta Herrera et il approfondit le travail sur le r\u00e9pertoire pour duo pianistique (quatre mains et deux pianos) avec le pianiste Bruno Canino \u00e0 l\u2019Ecole de Musique de Fiesole-Florence. La rencontre avec le pianiste Alexander Lonquich est elle aussi une exp\u00e9rience marquante dans sa vie artistique\u00a0: il participe \u00e0 ses master classes \u00e0 l\u2019Acad\u00e9mie du pianoforte Bartolomeo Cristofori de Florence et il suit ses cours de perfectionnement \u00e0 l\u2019Acad\u00e9mie Chigiana de Sienne. Il joue en France, Allemagne, Italie, en tant que soliste, en formation de chambre et avec orchestre. Il a toujours cultiv\u00e9 sa grande passion pour l\u2019enseignement\u00a0: actuellement il est professeur de piano au conservatoire de Palaiseau.<\/p>\n<p>&nbsp;<\/p>\n","protected":false},"excerpt":{"rendered":"<p>&nbsp; Apr\u00e8s ses \u00e9tudes en piano au Conservatoire S. Cecilia de Rome, o\u00f9 il a l\u2019occasion entre autres de travailler avec Aldo Ciccolini, il se perfectionne avec la pianiste Mirta Herrera et il approfondit le travail sur le r\u00e9pertoire pour duo pianistique (quatre mains et deux pianos) avec le pianiste Bruno Canino \u00e0 l\u2019Ecole de [&hellip;]<\/p>\n","protected":false},"author":1,"featured_media":0,"comment_status":"closed","ping_status":"open","sticky":false,"template":"","format":"standard","meta":[],"categories":[4],"tags":[14],"_links":{"self":[{"href":"https:\/\/www.musique-colombes.net\/en\/wp-json\/wp\/v2\/posts\/1608"}],"collection":[{"href":"https:\/\/www.musique-colombes.net\/en\/wp-json\/wp\/v2\/posts"}],"about":[{"href":"https:\/\/www.musique-colombes.net\/en\/wp-json\/wp\/v2\/types\/post"}],"author":[{"embeddable":true,"href":"https:\/\/www.musique-colombes.net\/en\/wp-json\/wp\/v2\/users\/1"}],"replies":[{"embeddable":true,"href":"https:\/\/www.musique-colombes.net\/en\/wp-json\/wp\/v2\/comments?post=1608"}],"version-history":[{"count":2,"href":"https:\/\/www.musique-colombes.net\/en\/wp-json\/wp\/v2\/posts\/1608\/revisions"}],"predecessor-version":[{"id":1871,"href":"https:\/\/www.musique-colombes.net\/en\/wp-json\/wp\/v2\/posts\/1608\/revisions\/1871"}],"wp:attachment":[{"href":"https:\/\/www.musique-colombes.net\/en\/wp-json\/wp\/v2\/media?parent=1608"}],"wp:term":[{"taxonomy":"category","embeddable":true,"href":"https:\/\/www.musique-colombes.net\/en\/wp-json\/wp\/v2\/categories?post=1608"},{"taxonomy":"post_tag","embeddable":true,"href":"https:\/\/www.musique-colombes.net\/en\/wp-json\/wp\/v2\/tags?post=1608"}],"curies":[{"name":"wp","href":"https:\/\/api.w.org\/{rel}","templated":true}]}}