{"id":1668,"date":"2021-01-20T18:02:46","date_gmt":"2021-01-20T18:02:46","guid":{"rendered":"http:\/\/www.musique-colombes.net\/en\/?p=1668"},"modified":"2021-01-20T18:03:05","modified_gmt":"2021-01-20T18:03:05","slug":"chloe-cuttaz","status":"publish","type":"post","link":"https:\/\/www.musique-colombes.net\/en\/chloe-cuttaz\/","title":{"rendered":"Chloe Cuttaz"},"content":{"rendered":"<p><a href=\"http:\/\/www.musique-colombes.net\/en\/wp-content\/uploads\/sites\/2\/2021\/01\/IMG_0286-3.jpeg\"><img decoding=\"async\" loading=\"lazy\" class=\"alignnone size-medium wp-image-1669\" src=\"http:\/\/www.musique-colombes.net\/en\/wp-content\/uploads\/sites\/2\/2021\/01\/IMG_0286-3-516x640.jpeg\" alt=\"\" width=\"516\" height=\"640\" srcset=\"https:\/\/www.musique-colombes.net\/en\/wp-content\/uploads\/sites\/2\/2021\/01\/IMG_0286-3-516x640.jpeg 516w, https:\/\/www.musique-colombes.net\/en\/wp-content\/uploads\/sites\/2\/2021\/01\/IMG_0286-3-768x952.jpeg 768w, https:\/\/www.musique-colombes.net\/en\/wp-content\/uploads\/sites\/2\/2021\/01\/IMG_0286-3-826x1024.jpeg 826w\" sizes=\"(max-width: 516px) 100vw, 516px\" \/><\/a><\/p>\n<p align=\"JUSTIFY\"><span style=\"color: #000000;\"><span style=\"font-family: Calibri, serif;\"><span lang=\"en-US\">Originally from Annecy, Chlo\u00e9 began the flute with B\u00e9atrice Fatus at <\/span><\/span><\/span><span style=\"color: #000000;\"><span style=\"font-family: Calibri, serif;\"><span lang=\"en-US\"><i>Espace des Pratiques Musicales<\/i><\/span><\/span><\/span><span style=\"color: #000000;\"><span style=\"font-family: Calibri, serif;\"><span lang=\"en-US\"> in Annecy-Cran-G\u00e9vrier.<\/span><\/span><\/span><\/p>\n<p align=\"JUSTIFY\"><span style=\"color: #000000;\"><span style=\"font-family: Calibri, serif;\"><span lang=\"en-US\">She continued her apprenticeship at the National Music School of Villeurbanne in the class of Sophie Dufeutrelle, with whom she unanimously obtained her Diploma of Musical Studies. She then entered at <\/span><\/span><\/span><span style=\"color: #000000;\"><span style=\"font-family: Calibri, serif;\"><span lang=\"en-US\"><i>Brussels Royal Conservatory<\/i><\/span><\/span><\/span><span style=\"color: #000000;\"><span style=\"font-family: Calibri, serif;\"><span lang=\"en-US\">, in the class of Baudoin Giaux, Isabelle Bialek and J\u00e9r\u00e9mie F\u00e8vre. She came out in June 2018 with a Master Instrumental in flute with distinction. During her studies, Chlo\u00e9 perfected her instrumental apprenticeship at the <\/span><\/span><\/span><span style=\"color: #000000;\"><span style=\"font-family: Calibri, serif;\"><span lang=\"en-US\"><i>Royal Irish Academy of Music<\/i><\/span><\/span><\/span><span style=\"color: #000000;\"><span style=\"font-family: Calibri, serif;\"><span lang=\"en-US\"> in Dublin with William Dowdall during an Erasmus exchange. During her stay in Ireland, she obtained various prizes from the <\/span><\/span><\/span><span style=\"color: #000000;\"><span style=\"font-family: Calibri, serif;\"><span lang=\"en-US\"><i>Ballymena Music Festival<\/i><\/span><\/span><\/span><span style=\"color: #000000;\"><span style=\"font-family: Calibri, serif;\"><span lang=\"en-US\"> and won the <\/span><\/span><\/span><span style=\"color: #000000;\"><span style=\"font-family: Calibri, serif;\"><span lang=\"en-US\"><i>2017-2018 RTE NSO Mentoring session<\/i><\/span><\/span><\/span><span style=\"color: #000000;\"><span style=\"font-family: Calibri, serif;\"><span lang=\"en-US\">, a prize thanks to which she participated in various concerts of the RTE National Symphony Orchestra as academic flautist. In 2019, she obtained a Didactic Master from <\/span><\/span><\/span><span style=\"color: #000000;\"><span style=\"font-family: Calibri, serif;\"><span lang=\"en-US\"><i>Mons Royal Conservatory<\/i><\/span><\/span><\/span><span style=\"color: #000000;\"><span style=\"font-family: Calibri, serif;\"><span lang=\"en-US\"> with distinction. <\/span><\/span><\/span><\/p>\n<p align=\"JUSTIFY\"><span style=\"color: #000000;\"><span style=\"font-family: Calibri, serif;\"><span lang=\"en-US\">Chlo\u00e9 perfected herself in parallel with Jocelyn Aubrun and Emmanuelle Reville, Wissam Boustany, Ian Clarke or Matthias Ziegler. With the latter, she obtains a Certificate of Advanced Studies from the <\/span><\/span><\/span><span style=\"color: #000000;\"><span style=\"font-family: Calibri, serif;\"><span lang=\"en-US\"><i>Z\u00fcrich Hochschule der K\u00fcnste<\/i><\/span><\/span><\/span><span style=\"color: #000000;\"><span style=\"font-family: Calibri, serif;\"><span lang=\"en-US\"> in 2020. <\/span><\/span><\/span><\/p>\n<p align=\"JUSTIFY\"><span style=\"color: #000000;\"><span style=\"font-family: Calibri, serif;\"><span lang=\"en-US\">Twice winner of the Straubinger scholarships, Chlo\u00e9 has the opportunity to enrich her instrumental playing with Dr. Nevart Veron-Galileas, and works around contemporary chamber music creations with Dr. Yiorgos Vassilandonakis and Dr. Nikitas Demos, during from the 3rd and 4th Summer Music Performance Program at Anatolia College in Thessaloniki. <\/span><\/span><\/span><\/p>\n<p align=\"JUSTIFY\"><span style=\"color: #000000;\"><span style=\"font-family: Calibri, serif;\"><span lang=\"en-US\">Passionate about chamber music, she collaborates with personalities such as Didier Puntos, Muhiddin D\u00fcrr\u00fcoglu, Igor Semenoff, Aymeric de Villoutreys, Romain Dhainaut, Fergus O\u2019Carroll, Tim Carey and Gabriel Teclu. On the project side, Chlo\u00e9 collaborates with composers St\u00e9phane Orlando, Nicolas Bacri, Jonathan Nangle and young composers from American universities such as Princeton, New Paltz or Charleston. In 2016, she co-created the Ensemble <\/span><\/span><\/span><span style=\"color: #000000;\"><span style=\"font-family: Calibri, serif;\"><span lang=\"en-US\"><i><u>Elp\u00e9nor<\/u><\/i><\/span><\/span><\/span><span style=\"color: #000000;\"><span style=\"font-family: Calibri, serif;\"><span lang=\"en-US\">, with which she participated in various festivals and concerts in Belgium. Likewise, Chlo\u00e9 has been performing in the orchestra <\/span><\/span><\/span><span style=\"color: #000000;\"><span style=\"font-family: Calibri, serif;\"><span lang=\"en-US\"><i><u>La Chambre Symphonique<\/u><\/i><\/span><\/span><\/span><span style=\"color: #000000;\"><span style=\"font-family: Calibri, serif;\"><span lang=\"en-US\"> since February 2018. That same year, she founded <\/span><\/span><\/span><span style=\"color: #000000;\"><span style=\"font-family: Calibri, serif;\"><span lang=\"en-US\"><i><u>SPARKS Trio<\/u><\/i><\/span><\/span><\/span><span style=\"color: #000000;\"><span style=\"font-family: Calibri, serif;\"><span lang=\"en-US\">, with pianist Ana Popescu and cellist Camille Muller. In addition to the many concerts given in Belgium, this ensemble won the second prize of <\/span><\/span><\/span><span style=\"color: #000000;\"><span style=\"font-family: Calibri, serif;\"><span lang=\"en-US\"><i>Mathilde Orlait-Dapsens<\/i><\/span><\/span><\/span><span style=\"color: #000000;\"><span style=\"font-family: Calibri, serif;\"><span lang=\"en-US\"> chamber music competition in 2019. At the beginning of 2020, Chlo\u00e9 joined <\/span><\/span><\/span><span style=\"color: #000000;\"><span style=\"font-family: Calibri, serif;\"><span lang=\"en-US\"><i>Post Tenebras Fl\u00fbtes<\/i><\/span><\/span><\/span><span style=\"color: #000000;\"><span style=\"font-family: Calibri, serif;\"><span lang=\"en-US\"> Geneva ensemble. <\/span><\/span><\/span><\/p>\n<p align=\"JUSTIFY\"><span style=\"color: #000000;\"><span style=\"font-family: Calibri, serif;\"><span lang=\"en-US\">Her artistic curiosity led her to open up to improvised music : she was introduced to free improvisation with the musician Patrick Devers, and worked around &#8220;Son-Icones&#8221; with the artist Charlotte Hug. She takes part in numerous free improvisation concerts in Brussels and Zurich. <\/span><\/span><\/span><\/p>\n<p align=\"JUSTIFY\"><span style=\"color: #000000;\"><span style=\"font-family: Calibri, serif;\"><span lang=\"en-US\">Eager to pass on her passion for music, Chlo\u00e9 has been teaching since 2019 at <\/span><\/span><\/span><span style=\"color: #000000;\"><span style=\"font-family: Calibri, serif;\"><span lang=\"en-US\"><i>Dispositif Musical de La Jonch\u00e8re-Orchestre \u00e0 l\u2019Ecole<\/i><\/span><\/span><\/span><span style=\"color: #000000;\"><span style=\"font-family: Calibri, serif;\"><span lang=\"en-US\"> (Seynod-Annecy), and since 2020 at <\/span><\/span><\/span><span style=\"color: #000000;\"><span style=\"font-family: Calibri, serif;\"><span lang=\"en-US\"><i>M\u00e9l\u00f4dia<\/i><\/span><\/span><\/span><span style=\"color: #000000;\"><span style=\"font-family: Calibri, serif;\"><span lang=\"en-US\"> music school in Reignier-Esery. That same year, she began creating the educational musical tale <\/span><\/span><\/span><span style=\"color: #000000;\"><span style=\"font-family: Calibri, serif;\"><span lang=\"en-US\"><i><u>Pipo l&#8217;oiseau<\/u><\/i><\/span><\/span><\/span><span style=\"color: #000000;\"><span style=\"font-family: Calibri, serif;\"><span lang=\"en-US\">, with harpist Elena Anger.<\/span><\/span><\/span><\/p>\n<p>&nbsp;<\/p>\n","protected":false},"excerpt":{"rendered":"<p>Originally from Annecy, Chlo\u00e9 began the flute with B\u00e9atrice Fatus at Espace des Pratiques Musicales in Annecy-Cran-G\u00e9vrier. She continued her apprenticeship at the National Music School of Villeurbanne in the class of Sophie Dufeutrelle, with whom she unanimously obtained her Diploma of Musical Studies. She then entered at Brussels Royal Conservatory, in the class of [&hellip;]<\/p>\n","protected":false},"author":1,"featured_media":0,"comment_status":"closed","ping_status":"open","sticky":false,"template":"","format":"standard","meta":[],"categories":[1],"tags":[],"_links":{"self":[{"href":"https:\/\/www.musique-colombes.net\/en\/wp-json\/wp\/v2\/posts\/1668"}],"collection":[{"href":"https:\/\/www.musique-colombes.net\/en\/wp-json\/wp\/v2\/posts"}],"about":[{"href":"https:\/\/www.musique-colombes.net\/en\/wp-json\/wp\/v2\/types\/post"}],"author":[{"embeddable":true,"href":"https:\/\/www.musique-colombes.net\/en\/wp-json\/wp\/v2\/users\/1"}],"replies":[{"embeddable":true,"href":"https:\/\/www.musique-colombes.net\/en\/wp-json\/wp\/v2\/comments?post=1668"}],"version-history":[{"count":1,"href":"https:\/\/www.musique-colombes.net\/en\/wp-json\/wp\/v2\/posts\/1668\/revisions"}],"predecessor-version":[{"id":1670,"href":"https:\/\/www.musique-colombes.net\/en\/wp-json\/wp\/v2\/posts\/1668\/revisions\/1670"}],"wp:attachment":[{"href":"https:\/\/www.musique-colombes.net\/en\/wp-json\/wp\/v2\/media?parent=1668"}],"wp:term":[{"taxonomy":"category","embeddable":true,"href":"https:\/\/www.musique-colombes.net\/en\/wp-json\/wp\/v2\/categories?post=1668"},{"taxonomy":"post_tag","embeddable":true,"href":"https:\/\/www.musique-colombes.net\/en\/wp-json\/wp\/v2\/tags?post=1668"}],"curies":[{"name":"wp","href":"https:\/\/api.w.org\/{rel}","templated":true}]}}