{"id":230,"date":"2015-02-09T20:15:56","date_gmt":"2015-02-09T20:15:56","guid":{"rendered":"http:\/\/www.musique-colombes.net\/en\/?p=230"},"modified":"2023-01-08T13:45:29","modified_gmt":"2023-01-08T13:45:29","slug":"frederique-portejoie-lagarde","status":"publish","type":"post","link":"https:\/\/www.musique-colombes.net\/en\/frederique-portejoie-lagarde\/","title":{"rendered":"Fr\u00e9d\u00e9rique Tamborini-Lagarde"},"content":{"rendered":"<p>&nbsp;<\/p>\n<p>Apr\u00e8s sa formation au Conservatoire national sup\u00e9rieur de musique et de danse de Paris, elle a fond\u00e9 avec Philippe Portejoie en 1986 un duo saxophone-piano qui a donn\u00e9 des centaines de concerts dans le monde et a \u00e9t\u00e9 laur\u00e9at de la Fondation Menuhin en 1990 et prix de la meilleure formation fran\u00e7aise au Concours international de musique de chambre de Paris en 1992. Ce duo est d\u00e9dicataire de tr\u00e8s nombreuses \u0153uvres de compositeurs dont Pierre-Max Dubois, Lucie Robert-Diessel et Richard Phillips.<\/p>\n<p>En soliste ou en duo, Fr\u00e9d\u00e9rique Portejoie a particip\u00e9 \u00e0 diverses \u00e9missions de Radio France et enregistr\u00e9 de nombreux disques.<\/p>\n","protected":false},"excerpt":{"rendered":"<p>&nbsp; Apr\u00e8s sa formation au Conservatoire national sup\u00e9rieur de musique et de danse de Paris, elle a fond\u00e9 avec Philippe Portejoie en 1986 un duo saxophone-piano qui a donn\u00e9 des centaines de concerts dans le monde et a \u00e9t\u00e9 laur\u00e9at de la Fondation Menuhin en 1990 et prix de la meilleure formation fran\u00e7aise au Concours [&hellip;]<\/p>\n","protected":false},"author":1,"featured_media":0,"comment_status":"closed","ping_status":"closed","sticky":false,"template":"","format":"standard","meta":[],"categories":[4],"tags":[6,5,13,14],"_links":{"self":[{"href":"https:\/\/www.musique-colombes.net\/en\/wp-json\/wp\/v2\/posts\/230"}],"collection":[{"href":"https:\/\/www.musique-colombes.net\/en\/wp-json\/wp\/v2\/posts"}],"about":[{"href":"https:\/\/www.musique-colombes.net\/en\/wp-json\/wp\/v2\/types\/post"}],"author":[{"embeddable":true,"href":"https:\/\/www.musique-colombes.net\/en\/wp-json\/wp\/v2\/users\/1"}],"replies":[{"embeddable":true,"href":"https:\/\/www.musique-colombes.net\/en\/wp-json\/wp\/v2\/comments?post=230"}],"version-history":[{"count":2,"href":"https:\/\/www.musique-colombes.net\/en\/wp-json\/wp\/v2\/posts\/230\/revisions"}],"predecessor-version":[{"id":1993,"href":"https:\/\/www.musique-colombes.net\/en\/wp-json\/wp\/v2\/posts\/230\/revisions\/1993"}],"wp:attachment":[{"href":"https:\/\/www.musique-colombes.net\/en\/wp-json\/wp\/v2\/media?parent=230"}],"wp:term":[{"taxonomy":"category","embeddable":true,"href":"https:\/\/www.musique-colombes.net\/en\/wp-json\/wp\/v2\/categories?post=230"},{"taxonomy":"post_tag","embeddable":true,"href":"https:\/\/www.musique-colombes.net\/en\/wp-json\/wp\/v2\/tags?post=230"}],"curies":[{"name":"wp","href":"https:\/\/api.w.org\/{rel}","templated":true}]}}