{"id":262,"date":"2015-02-12T14:51:32","date_gmt":"2015-02-12T14:51:32","guid":{"rendered":"http:\/\/www.musique-colombes.net\/en\/?p=262"},"modified":"2015-02-19T16:35:28","modified_gmt":"2015-02-19T16:35:28","slug":"teresa-janina-czekaj","status":"publish","type":"post","link":"https:\/\/www.musique-colombes.net\/en\/teresa-janina-czekaj\/","title":{"rendered":"Teresa Janina Czekaj"},"content":{"rendered":"<p><img decoding=\"async\" loading=\"lazy\" class=\"alignnone size-medium wp-image-264\" src=\"http:\/\/www.musique-colombes.net\/en\/wp-content\/uploads\/sites\/2\/2015\/02\/czekaj-640x481.jpg\" alt=\"Teresa Janina Czekaj\" width=\"640\" height=\"481\" \/><\/p>\n<p>Teresa Janina Czekaj a fait ses \u00e9tudes en Pologne, \u00e0 l\u2019Acad\u00e9mie de Musique de \u0141\u00f3d\u017a, dans la classe de piano du prof. Zbigniew Szymonowicz, laur\u00e9at du Concours Chopin 1949. Apr\u00e8s avoir travaill\u00e9 quelques ann\u00e9es comme assistante dans cet \u00e9tablissement de l\u2019enseignement sup\u00e9rieur, elle obtient une bourse du gouvernement fran\u00e7ais pour poursuivre ses \u00e9tudes au Conservatoire de Paris, dans la classe du prof. Dominique Merlet. Parall\u00e8lement elle participe activement \u00e0 de nombreuses masterclasses. Laur\u00e9ate de plusieurs concours internationaux, elle se produit r\u00e9guli\u00e8rement comme soliste et comme chambriste. Elle a donn\u00e9 des concerts dans tous les pays europ\u00e9ens, en Asie (Malaisie, Singapour) et aux Etats-Unis.<\/p>\n<p>En France, o\u00f9 elle r\u00e9side, elle est consid\u00e9r\u00e9e comme ambassadrice de la musique polonaise. Son m\u00e9moire consacr\u00e9 \u00e0 Juliusz Zar\u0119bski, un \u00e9l\u00e8ve de Liszt, ainsi qu\u2019 au piano \u00e0 double clavier renvers\u00e9, lui a permis d\u2019obtenir le CA d\u2019enseignement de piano tout en \u00e9tant unanimement salu\u00e9 par le milieu musicologique.<\/p>\n<p>Parall\u00e8lement \u00e0 sa carri\u00e8re pianistique, Teresa Janina Czekaj a d\u00e9velopp\u00e9 une activit\u00e9 de publication. Elle est l\u2019auteure de nombreux articles sur l\u2019histoire, les beaux arts, la correspondance des arts, le ballet et l\u2019art contemporain. Dans les ann\u00e9es 1998-2001 elle a \u00e9t\u00e9 l\u2019initiatrice et la directrice en chef de la tr\u00e8s populaire s\u00e9rie historique : \u00ab Journaux de Guerre \u00bb. Elle a \u00e9galement \u00e9dit\u00e9 plusieurs recueils de ses propres po\u00e8mes.<\/p>\n<p>Depuis plusieurs ann\u00e9es Teresa Janina Czekaj prend part dans le festival Chopin \u00e0 l\u2019\u00e9glise Saint Julien le Pauvre. Elle se produit \u00e9galement dans d\u2019autres programmes o\u00f9 elle s\u2019efforce de pr\u00e9senter, outre les \u0153uvres intemporelles, celles de compositeurs moins connus, voire injustement oubli\u00e9s. Elle poss\u00e8de dans son r\u00e9pertoire la quasi-totalit\u00e9 d\u2019\u0153uvres de Juliusz Zar\u0119bski, plusieurs \u0153uvres de Karol Szymanowski (dont l\u2019int\u00e9gralit\u00e9 de sa musique pour violon et piano et l\u2019int\u00e9grale des Mazurkas), d\u2019Alexandre Tansman, Gra\u017cyna Bacewicz &#8211; ainsi que celles d\u2019autres compositeurs non n\u00e9cessairement polonais et dont la musique n\u2019appara\u00eet que rarement sur les estrades de concert.<\/p>\n<p>Durant l\u2019ann\u00e9e Chopin 2010, outre les concerts \u201eHommage \u00e0 Chopin\u201d (dont les programmes pr\u00e9sentaient diff\u00e9rentes pi\u00e8ces consacr\u00e9es \u00e0 la m\u00e9moire du grand Polonais) et les nombreux concerts-conf\u00e9rences qui situaient le compositeur dans son contexte historique, esth\u00e9tique et social, Teresa Janina Czekaj a \u00e9t\u00e9 choisie aux c\u00f4t\u00e9s de Martha Argerich, Adam Harasiewicz, Nelson Freire, Roberto Prosseda pour participer \u00e0 la narration du film d\u2019Angelo Bozzolini \u00ab Fryderyk Chopin \u00bb, produit par la t\u00e9l\u00e9vision italienne RAI.<\/p>\n<p>Son r\u00e9cital pour l\u2019inauguration de la pr\u00e9sidence de la Pologne au Conseil de l\u2019Europe, donn\u00e9 dans le Grand Salon du Mus\u00e9e des Invalides \u00e0 Paris et consacr\u00e9 \u00e0 la musique polonaise du si\u00e8cle dernier, a \u00e9t\u00e9 unanimement salu\u00e9 comme une pr\u00e9sentation magistrale et unique. Depuis 2012 elle est nomm\u00e9e pr\u00e9sidente de l\u2019Association des Artistes Musiciens Polonais en France qui organise des concerts mensuels \u00e0 la Biblioth\u00e8que Polonaise de Paris.<\/p>\n","protected":false},"excerpt":{"rendered":"<p>Teresa Janina Czekaj a fait ses \u00e9tudes en Pologne, \u00e0 l\u2019Acad\u00e9mie de Musique de \u0141\u00f3d\u017a, dans la classe de piano du prof. Zbigniew Szymonowicz, laur\u00e9at du Concours Chopin 1949. Apr\u00e8s avoir travaill\u00e9 quelques ann\u00e9es comme assistante dans cet \u00e9tablissement de l\u2019enseignement sup\u00e9rieur, elle obtient une bourse du gouvernement fran\u00e7ais pour poursuivre ses \u00e9tudes au Conservatoire [&hellip;]<\/p>\n","protected":false},"author":1,"featured_media":0,"comment_status":"closed","ping_status":"closed","sticky":false,"template":"","format":"standard","meta":[],"categories":[4],"tags":[6,5,13,14],"_links":{"self":[{"href":"https:\/\/www.musique-colombes.net\/en\/wp-json\/wp\/v2\/posts\/262"}],"collection":[{"href":"https:\/\/www.musique-colombes.net\/en\/wp-json\/wp\/v2\/posts"}],"about":[{"href":"https:\/\/www.musique-colombes.net\/en\/wp-json\/wp\/v2\/types\/post"}],"author":[{"embeddable":true,"href":"https:\/\/www.musique-colombes.net\/en\/wp-json\/wp\/v2\/users\/1"}],"replies":[{"embeddable":true,"href":"https:\/\/www.musique-colombes.net\/en\/wp-json\/wp\/v2\/comments?post=262"}],"version-history":[{"count":3,"href":"https:\/\/www.musique-colombes.net\/en\/wp-json\/wp\/v2\/posts\/262\/revisions"}],"predecessor-version":[{"id":266,"href":"https:\/\/www.musique-colombes.net\/en\/wp-json\/wp\/v2\/posts\/262\/revisions\/266"}],"wp:attachment":[{"href":"https:\/\/www.musique-colombes.net\/en\/wp-json\/wp\/v2\/media?parent=262"}],"wp:term":[{"taxonomy":"category","embeddable":true,"href":"https:\/\/www.musique-colombes.net\/en\/wp-json\/wp\/v2\/categories?post=262"},{"taxonomy":"post_tag","embeddable":true,"href":"https:\/\/www.musique-colombes.net\/en\/wp-json\/wp\/v2\/tags?post=262"}],"curies":[{"name":"wp","href":"https:\/\/api.w.org\/{rel}","templated":true}]}}