{"id":940,"date":"2017-04-10T09:32:13","date_gmt":"2017-04-10T09:32:13","guid":{"rendered":"http:\/\/www.musique-colombes.net\/en\/?p=940"},"modified":"2019-02-19T08:44:20","modified_gmt":"2019-02-19T08:44:20","slug":"stephane-havard","status":"publish","type":"post","link":"https:\/\/www.musique-colombes.net\/en\/stephane-havard\/","title":{"rendered":"Stephane Havard"},"content":{"rendered":"<p><img decoding=\"async\" loading=\"lazy\" class=\"size-full wp-image-1102 aligncenter\" src=\"http:\/\/www.musique-colombes.net\/wp-content\/uploads\/2017\/04\/Stephane-Havard.jpg\" alt=\"\" width=\"300\" height=\"300\" \/><\/p>\n<p>St\u00e9phane d\u00e9bute \u00e0 l\u2019\u00e9cole de musique d\u2019Evron, il poursuit ses \u00e9tudes au Conservatoire National de R\u00e9gion d\u2019Angers ou il obtient un M\u00e9daille d\u2019Or de Trompette.<\/p>\n<p>Tout en conservant une activit\u00e9 professionnelle classique (professeur en \u00e9coles de musique dans la r\u00e9gion angevine, Trompette et Orgues, Quintette de Cuivres), il s\u2019oriente vers le Jazz et la vari\u00e9t\u00e9.<\/p>\n<p>Quatre ans durant, outre sa fonction de professeur de trompette \u00e0 l\u2019\u00e9cole de musique A. Siobud de Pointe-\u00e0-Pitre, il joue avec des groupes de jazz et de musique carib\u00e9enne. Puis il auditionne et travail pour Proship Entertainment (Montr\u00e9al) et jouera sur le bateau de croisi\u00e8re le Renaissance.<\/p>\n<p>En 2000, St\u00e9phane s\u2019installe \u00e0 Paris et int\u00e8gre la sc\u00e8ne Parisienne en jouant avec de nombreuses formations de styles musicaux diff\u00e9rents.<\/p>\n<p>Ancien professeur au sein du conservatoire de Luc\u00e9 et du conservatoire des Linandes de Cergy-Pontoise, Intervenant Cuivres pour l\u2019association \u00ab\u00a0Passeurs d\u2019arts\u00a0\u00bb, il dirige des classes orchestre en milieu scolaire. Intermittent du spectacle, il se produit r\u00e9guli\u00e8rement en concerts et soir\u00e9es priv\u00e9es.<\/p>\n","protected":false},"excerpt":{"rendered":"<p>St\u00e9phane d\u00e9bute \u00e0 l\u2019\u00e9cole de musique d\u2019Evron, il poursuit ses \u00e9tudes au Conservatoire National de R\u00e9gion d\u2019Angers ou il obtient un M\u00e9daille d\u2019Or de Trompette. Tout en conservant une activit\u00e9 professionnelle classique (professeur en \u00e9coles de musique dans la r\u00e9gion angevine, Trompette et Orgues, Quintette de Cuivres), il s\u2019oriente vers le Jazz et la vari\u00e9t\u00e9. [&hellip;]<\/p>\n","protected":false},"author":1,"featured_media":941,"comment_status":"closed","ping_status":"open","sticky":false,"template":"","format":"standard","meta":[],"categories":[4],"tags":[36],"_links":{"self":[{"href":"https:\/\/www.musique-colombes.net\/en\/wp-json\/wp\/v2\/posts\/940"}],"collection":[{"href":"https:\/\/www.musique-colombes.net\/en\/wp-json\/wp\/v2\/posts"}],"about":[{"href":"https:\/\/www.musique-colombes.net\/en\/wp-json\/wp\/v2\/types\/post"}],"author":[{"embeddable":true,"href":"https:\/\/www.musique-colombes.net\/en\/wp-json\/wp\/v2\/users\/1"}],"replies":[{"embeddable":true,"href":"https:\/\/www.musique-colombes.net\/en\/wp-json\/wp\/v2\/comments?post=940"}],"version-history":[{"count":1,"href":"https:\/\/www.musique-colombes.net\/en\/wp-json\/wp\/v2\/posts\/940\/revisions"}],"predecessor-version":[{"id":942,"href":"https:\/\/www.musique-colombes.net\/en\/wp-json\/wp\/v2\/posts\/940\/revisions\/942"}],"wp:featuredmedia":[{"embeddable":true,"href":"https:\/\/www.musique-colombes.net\/en\/wp-json\/wp\/v2\/media\/941"}],"wp:attachment":[{"href":"https:\/\/www.musique-colombes.net\/en\/wp-json\/wp\/v2\/media?parent=940"}],"wp:term":[{"taxonomy":"category","embeddable":true,"href":"https:\/\/www.musique-colombes.net\/en\/wp-json\/wp\/v2\/categories?post=940"},{"taxonomy":"post_tag","embeddable":true,"href":"https:\/\/www.musique-colombes.net\/en\/wp-json\/wp\/v2\/tags?post=940"}],"curies":[{"name":"wp","href":"https:\/\/api.w.org\/{rel}","templated":true}]}}